{"id":1373,"date":"2020-10-28T15:10:58","date_gmt":"2020-10-28T15:10:58","guid":{"rendered":"http:\/\/flexitex.dev.loba.pt\/?p=1373"},"modified":"2020-11-03T10:07:09","modified_gmt":"2020-11-03T10:07:09","slug":"flexitex-comunica-para-el-siglo-xxi","status":"publish","type":"post","link":"https:\/\/www.flexitex.pt\/es\/flexitex-comunica-para-el-siglo-xxi\/","title":{"rendered":"Flexitex comunica para el siglo XXI"},"content":{"rendered":"\n<p>El mundo cambia todos los d\u00edas. Las relaciones entre empresas, entre clientes y proveedores, entre productos y consumidores, son bastante diferentes de lo que eran hace a\u00f1os. \u00a1En todas las \u00e1reas de negocio!<\/p>\n\n\n\n<p>Esto nos lleva a tener que cambiar la forma en que estamos en el mercado, manteniendo los valores del pasado y respondiendo a los retos del futuro \u201d, dice Domingos Leite de Castro, Director General de la empresa.<br>Flexitex se especializa en la producci\u00f3n de prendas de punto y tejidos; as\u00ed es como lo ve el mercado.<\/p>\n\n\n\n<p>\u201cAdem\u00e1s, tendremos que ser el socio en el que nuestro cliente tenga confianza para abrazar nuevos proyectos, nuevos productos de valor agregado\u201d, reitera el hombre que gestiona los destinos de la empresa.<\/p>\n\n\n\n<p>Por ello, adem\u00e1s del compromiso continuo que viene haciendo Flexitex en la elaboraci\u00f3n de productos diferenciadores, se comunicar\u00e1 de una forma diferente: una nueva web institucional y redes sociales que permitan mostrar lo bueno y lo bien hecho en la empresa.<\/p>\n","protected":false},"excerpt":{"rendered":"<p>Las relaciones entre empresas, entre clientes y proveedores, entre productos y consumidores ha cambiado.<\/p>\n","protected":false},"author":1,"featured_media":1803,"comment_status":"open","ping_status":"closed","sticky":false,"template":"","format":"standard","meta":{"_acf_changed":false,"footnotes":""},"categories":[2],"tags":[],"class_list":["post-1373","post","type-post","status-publish","format-standard","has-post-thumbnail","hentry","category-sin-categorizar"],"acf":[],"yoast_head":"<!-- This site is optimized with the Yoast SEO plugin v26.3 - https:\/\/yoast.com\/wordpress\/plugins\/seo\/ -->\n<title>Flexitex comunica para el siglo XXI - Flexitex<\/title>\n<meta name=\"robots\" content=\"index, follow, max-snippet:-1, max-image-preview:large, max-video-preview:-1\" \/>\n<link rel=\"canonical\" href=\"https:\/\/www.flexitex.pt\/es\/flexitex-comunica-para-el-siglo-xxi\/\" \/>\n<meta property=\"og:locale\" content=\"es_ES\" \/>\n<meta property=\"og:type\" content=\"article\" \/>\n<meta property=\"og:title\" content=\"Flexitex comunica para el siglo XXI - Flexitex\" \/>\n<meta property=\"og:description\" content=\"Las relaciones entre empresas, entre clientes y proveedores, entre productos y consumidores ha cambiado.\" \/>\n<meta property=\"og:url\" content=\"https:\/\/www.flexitex.pt\/es\/flexitex-comunica-para-el-siglo-xxi\/\" \/>\n<meta property=\"og:site_name\" content=\"Flexitex\" \/>\n<meta property=\"article:published_time\" content=\"2020-10-28T15:10:58+00:00\" \/>\n<meta property=\"article:modified_time\" content=\"2020-11-03T10:07:09+00:00\" \/>\n<meta property=\"og:image\" content=\"https:\/\/www.flexitex.pt\/wp-content\/uploads\/2020\/10\/flexitex_475X268_NO_20201103.jpg\" \/>\n\t<meta property=\"og:image:width\" content=\"475\" \/>\n\t<meta property=\"og:image:height\" content=\"268\" \/>\n\t<meta property=\"og:image:type\" content=\"image\/jpeg\" \/>\n<meta name=\"author\" content=\"loba2020\" \/>\n<meta name=\"twitter:card\" content=\"summary_large_image\" \/>\n<meta name=\"twitter:label1\" content=\"Escrito por\" \/>\n\t<meta name=\"twitter:data1\" content=\"loba2020\" \/>\n\t<meta name=\"twitter:label2\" content=\"Tiempo de lectura\" \/>\n\t<meta name=\"twitter:data2\" content=\"1 minuto\" \/>\n<script type=\"application\/ld+json\" class=\"yoast-schema-graph\">{\"@context\":\"https:\/\/schema.org\",\"@graph\":[{\"@type\":\"Article\",\"@id\":\"https:\/\/www.flexitex.pt\/es\/flexitex-comunica-para-el-siglo-xxi\/#article\",\"isPartOf\":{\"@id\":\"https:\/\/www.flexitex.pt\/es\/flexitex-comunica-para-el-siglo-xxi\/\"},\"author\":{\"name\":\"loba2020\",\"@id\":\"https:\/\/www.flexitex.pt\/#\/schema\/person\/cdbf13b05e7799d51f1b43ee928cf0b1\"},\"headline\":\"Flexitex comunica para el siglo XXI\",\"datePublished\":\"2020-10-28T15:10:58+00:00\",\"dateModified\":\"2020-11-03T10:07:09+00:00\",\"mainEntityOfPage\":{\"@id\":\"https:\/\/www.flexitex.pt\/es\/flexitex-comunica-para-el-siglo-xxi\/\"},\"wordCount\":174,\"commentCount\":0,\"publisher\":{\"@id\":\"https:\/\/www.flexitex.pt\/#organization\"},\"image\":{\"@id\":\"https:\/\/www.flexitex.pt\/es\/flexitex-comunica-para-el-siglo-xxi\/#primaryimage\"},\"thumbnailUrl\":\"https:\/\/www.flexitex.pt\/wp-content\/uploads\/2020\/10\/flexitex_475X268_NO_20201103.jpg\",\"articleSection\":[\"Noticias\"],\"inLanguage\":\"es\",\"potentialAction\":[{\"@type\":\"CommentAction\",\"name\":\"Comment\",\"target\":[\"https:\/\/www.flexitex.pt\/es\/flexitex-comunica-para-el-siglo-xxi\/#respond\"]}]},{\"@type\":\"WebPage\",\"@id\":\"https:\/\/www.flexitex.pt\/es\/flexitex-comunica-para-el-siglo-xxi\/\",\"url\":\"https:\/\/www.flexitex.pt\/es\/flexitex-comunica-para-el-siglo-xxi\/\",\"name\":\"Flexitex comunica para el siglo XXI - Flexitex\",\"isPartOf\":{\"@id\":\"https:\/\/www.flexitex.pt\/#website\"},\"primaryImageOfPage\":{\"@id\":\"https:\/\/www.flexitex.pt\/es\/flexitex-comunica-para-el-siglo-xxi\/#primaryimage\"},\"image\":{\"@id\":\"https:\/\/www.flexitex.pt\/es\/flexitex-comunica-para-el-siglo-xxi\/#primaryimage\"},\"thumbnailUrl\":\"https:\/\/www.flexitex.pt\/wp-content\/uploads\/2020\/10\/flexitex_475X268_NO_20201103.jpg\",\"datePublished\":\"2020-10-28T15:10:58+00:00\",\"dateModified\":\"2020-11-03T10:07:09+00:00\",\"breadcrumb\":{\"@id\":\"https:\/\/www.flexitex.pt\/es\/flexitex-comunica-para-el-siglo-xxi\/#breadcrumb\"},\"inLanguage\":\"es\",\"potentialAction\":[{\"@type\":\"ReadAction\",\"target\":[\"https:\/\/www.flexitex.pt\/es\/flexitex-comunica-para-el-siglo-xxi\/\"]}]},{\"@type\":\"ImageObject\",\"inLanguage\":\"es\",\"@id\":\"https:\/\/www.flexitex.pt\/es\/flexitex-comunica-para-el-siglo-xxi\/#primaryimage\",\"url\":\"https:\/\/www.flexitex.pt\/wp-content\/uploads\/2020\/10\/flexitex_475X268_NO_20201103.jpg\",\"contentUrl\":\"https:\/\/www.flexitex.pt\/wp-content\/uploads\/2020\/10\/flexitex_475X268_NO_20201103.jpg\",\"width\":475,\"height\":268},{\"@type\":\"BreadcrumbList\",\"@id\":\"https:\/\/www.flexitex.pt\/es\/flexitex-comunica-para-el-siglo-xxi\/#breadcrumb\",\"itemListElement\":[{\"@type\":\"ListItem\",\"position\":1,\"name\":\"In\u00edcio\",\"item\":\"https:\/\/www.flexitex.pt\/es\/\"},{\"@type\":\"ListItem\",\"position\":2,\"name\":\"Flexitex comunica para el siglo XXI\"}]},{\"@type\":\"WebSite\",\"@id\":\"https:\/\/www.flexitex.pt\/#website\",\"url\":\"https:\/\/www.flexitex.pt\/\",\"name\":\"Flexitex\",\"description\":\"Empresa especializada en prendas de punto y tejidos para colchones.\",\"publisher\":{\"@id\":\"https:\/\/www.flexitex.pt\/#organization\"},\"potentialAction\":[{\"@type\":\"SearchAction\",\"target\":{\"@type\":\"EntryPoint\",\"urlTemplate\":\"https:\/\/www.flexitex.pt\/?s={search_term_string}\"},\"query-input\":{\"@type\":\"PropertyValueSpecification\",\"valueRequired\":true,\"valueName\":\"search_term_string\"}}],\"inLanguage\":\"es\"},{\"@type\":\"Organization\",\"@id\":\"https:\/\/www.flexitex.pt\/#organization\",\"name\":\"Flexitex\",\"url\":\"https:\/\/www.flexitex.pt\/\",\"logo\":{\"@type\":\"ImageObject\",\"inLanguage\":\"es\",\"@id\":\"https:\/\/www.flexitex.pt\/#\/schema\/logo\/image\/\",\"url\":\"https:\/\/www.flexitex.pt\/wp-content\/uploads\/2020\/11\/fXL__VDI.png\",\"contentUrl\":\"https:\/\/www.flexitex.pt\/wp-content\/uploads\/2020\/11\/fXL__VDI.png\",\"width\":1200,\"height\":630,\"caption\":\"Flexitex\"},\"image\":{\"@id\":\"https:\/\/www.flexitex.pt\/#\/schema\/logo\/image\/\"}},{\"@type\":\"Person\",\"@id\":\"https:\/\/www.flexitex.pt\/#\/schema\/person\/cdbf13b05e7799d51f1b43ee928cf0b1\",\"name\":\"loba2020\",\"image\":{\"@type\":\"ImageObject\",\"inLanguage\":\"es\",\"@id\":\"https:\/\/www.flexitex.pt\/#\/schema\/person\/image\/\",\"url\":\"https:\/\/secure.gravatar.com\/avatar\/95b852e69ff281b1fd86cebf83646bd3dbfcb05bfc1cfbd552243c7dd15df9a9?s=96&d=mm&r=g\",\"contentUrl\":\"https:\/\/secure.gravatar.com\/avatar\/95b852e69ff281b1fd86cebf83646bd3dbfcb05bfc1cfbd552243c7dd15df9a9?s=96&d=mm&r=g\",\"caption\":\"loba2020\"},\"url\":\"https:\/\/www.flexitex.pt\/es\/author\/loba2020\/\"}]}<\/script>\n<!-- \/ Yoast SEO plugin. -->","yoast_head_json":{"title":"Flexitex comunica para el siglo XXI - Flexitex","robots":{"index":"index","follow":"follow","max-snippet":"max-snippet:-1","max-image-preview":"max-image-preview:large","max-video-preview":"max-video-preview:-1"},"canonical":"https:\/\/www.flexitex.pt\/es\/flexitex-comunica-para-el-siglo-xxi\/","og_locale":"es_ES","og_type":"article","og_title":"Flexitex comunica para el siglo XXI - Flexitex","og_description":"Las relaciones entre empresas, entre clientes y proveedores, entre productos y consumidores ha cambiado.","og_url":"https:\/\/www.flexitex.pt\/es\/flexitex-comunica-para-el-siglo-xxi\/","og_site_name":"Flexitex","article_published_time":"2020-10-28T15:10:58+00:00","article_modified_time":"2020-11-03T10:07:09+00:00","og_image":[{"width":475,"height":268,"url":"https:\/\/www.flexitex.pt\/wp-content\/uploads\/2020\/10\/flexitex_475X268_NO_20201103.jpg","type":"image\/jpeg"}],"author":"loba2020","twitter_card":"summary_large_image","twitter_misc":{"Escrito por":"loba2020","Tiempo de lectura":"1 minuto"},"schema":{"@context":"https:\/\/schema.org","@graph":[{"@type":"Article","@id":"https:\/\/www.flexitex.pt\/es\/flexitex-comunica-para-el-siglo-xxi\/#article","isPartOf":{"@id":"https:\/\/www.flexitex.pt\/es\/flexitex-comunica-para-el-siglo-xxi\/"},"author":{"name":"loba2020","@id":"https:\/\/www.flexitex.pt\/#\/schema\/person\/cdbf13b05e7799d51f1b43ee928cf0b1"},"headline":"Flexitex comunica para el siglo XXI","datePublished":"2020-10-28T15:10:58+00:00","dateModified":"2020-11-03T10:07:09+00:00","mainEntityOfPage":{"@id":"https:\/\/www.flexitex.pt\/es\/flexitex-comunica-para-el-siglo-xxi\/"},"wordCount":174,"commentCount":0,"publisher":{"@id":"https:\/\/www.flexitex.pt\/#organization"},"image":{"@id":"https:\/\/www.flexitex.pt\/es\/flexitex-comunica-para-el-siglo-xxi\/#primaryimage"},"thumbnailUrl":"https:\/\/www.flexitex.pt\/wp-content\/uploads\/2020\/10\/flexitex_475X268_NO_20201103.jpg","articleSection":["Noticias"],"inLanguage":"es","potentialAction":[{"@type":"CommentAction","name":"Comment","target":["https:\/\/www.flexitex.pt\/es\/flexitex-comunica-para-el-siglo-xxi\/#respond"]}]},{"@type":"WebPage","@id":"https:\/\/www.flexitex.pt\/es\/flexitex-comunica-para-el-siglo-xxi\/","url":"https:\/\/www.flexitex.pt\/es\/flexitex-comunica-para-el-siglo-xxi\/","name":"Flexitex comunica para el siglo XXI - Flexitex","isPartOf":{"@id":"https:\/\/www.flexitex.pt\/#website"},"primaryImageOfPage":{"@id":"https:\/\/www.flexitex.pt\/es\/flexitex-comunica-para-el-siglo-xxi\/#primaryimage"},"image":{"@id":"https:\/\/www.flexitex.pt\/es\/flexitex-comunica-para-el-siglo-xxi\/#primaryimage"},"thumbnailUrl":"https:\/\/www.flexitex.pt\/wp-content\/uploads\/2020\/10\/flexitex_475X268_NO_20201103.jpg","datePublished":"2020-10-28T15:10:58+00:00","dateModified":"2020-11-03T10:07:09+00:00","breadcrumb":{"@id":"https:\/\/www.flexitex.pt\/es\/flexitex-comunica-para-el-siglo-xxi\/#breadcrumb"},"inLanguage":"es","potentialAction":[{"@type":"ReadAction","target":["https:\/\/www.flexitex.pt\/es\/flexitex-comunica-para-el-siglo-xxi\/"]}]},{"@type":"ImageObject","inLanguage":"es","@id":"https:\/\/www.flexitex.pt\/es\/flexitex-comunica-para-el-siglo-xxi\/#primaryimage","url":"https:\/\/www.flexitex.pt\/wp-content\/uploads\/2020\/10\/flexitex_475X268_NO_20201103.jpg","contentUrl":"https:\/\/www.flexitex.pt\/wp-content\/uploads\/2020\/10\/flexitex_475X268_NO_20201103.jpg","width":475,"height":268},{"@type":"BreadcrumbList","@id":"https:\/\/www.flexitex.pt\/es\/flexitex-comunica-para-el-siglo-xxi\/#breadcrumb","itemListElement":[{"@type":"ListItem","position":1,"name":"In\u00edcio","item":"https:\/\/www.flexitex.pt\/es\/"},{"@type":"ListItem","position":2,"name":"Flexitex comunica para el siglo XXI"}]},{"@type":"WebSite","@id":"https:\/\/www.flexitex.pt\/#website","url":"https:\/\/www.flexitex.pt\/","name":"Flexitex","description":"Empresa especializada en prendas de punto y tejidos para colchones.","publisher":{"@id":"https:\/\/www.flexitex.pt\/#organization"},"potentialAction":[{"@type":"SearchAction","target":{"@type":"EntryPoint","urlTemplate":"https:\/\/www.flexitex.pt\/?s={search_term_string}"},"query-input":{"@type":"PropertyValueSpecification","valueRequired":true,"valueName":"search_term_string"}}],"inLanguage":"es"},{"@type":"Organization","@id":"https:\/\/www.flexitex.pt\/#organization","name":"Flexitex","url":"https:\/\/www.flexitex.pt\/","logo":{"@type":"ImageObject","inLanguage":"es","@id":"https:\/\/www.flexitex.pt\/#\/schema\/logo\/image\/","url":"https:\/\/www.flexitex.pt\/wp-content\/uploads\/2020\/11\/fXL__VDI.png","contentUrl":"https:\/\/www.flexitex.pt\/wp-content\/uploads\/2020\/11\/fXL__VDI.png","width":1200,"height":630,"caption":"Flexitex"},"image":{"@id":"https:\/\/www.flexitex.pt\/#\/schema\/logo\/image\/"}},{"@type":"Person","@id":"https:\/\/www.flexitex.pt\/#\/schema\/person\/cdbf13b05e7799d51f1b43ee928cf0b1","name":"loba2020","image":{"@type":"ImageObject","inLanguage":"es","@id":"https:\/\/www.flexitex.pt\/#\/schema\/person\/image\/","url":"https:\/\/secure.gravatar.com\/avatar\/95b852e69ff281b1fd86cebf83646bd3dbfcb05bfc1cfbd552243c7dd15df9a9?s=96&d=mm&r=g","contentUrl":"https:\/\/secure.gravatar.com\/avatar\/95b852e69ff281b1fd86cebf83646bd3dbfcb05bfc1cfbd552243c7dd15df9a9?s=96&d=mm&r=g","caption":"loba2020"},"url":"https:\/\/www.flexitex.pt\/es\/author\/loba2020\/"}]}},"_links":{"self":[{"href":"https:\/\/www.flexitex.pt\/es\/wp-json\/wp\/v2\/posts\/1373","targetHints":{"allow":["GET"]}}],"collection":[{"href":"https:\/\/www.flexitex.pt\/es\/wp-json\/wp\/v2\/posts"}],"about":[{"href":"https:\/\/www.flexitex.pt\/es\/wp-json\/wp\/v2\/types\/post"}],"author":[{"embeddable":true,"href":"https:\/\/www.flexitex.pt\/es\/wp-json\/wp\/v2\/users\/1"}],"replies":[{"embeddable":true,"href":"https:\/\/www.flexitex.pt\/es\/wp-json\/wp\/v2\/comments?post=1373"}],"version-history":[{"count":4,"href":"https:\/\/www.flexitex.pt\/es\/wp-json\/wp\/v2\/posts\/1373\/revisions"}],"predecessor-version":[{"id":1807,"href":"https:\/\/www.flexitex.pt\/es\/wp-json\/wp\/v2\/posts\/1373\/revisions\/1807"}],"wp:featuredmedia":[{"embeddable":true,"href":"https:\/\/www.flexitex.pt\/es\/wp-json\/wp\/v2\/media\/1803"}],"wp:attachment":[{"href":"https:\/\/www.flexitex.pt\/es\/wp-json\/wp\/v2\/media?parent=1373"}],"wp:term":[{"taxonomy":"category","embeddable":true,"href":"https:\/\/www.flexitex.pt\/es\/wp-json\/wp\/v2\/categories?post=1373"},{"taxonomy":"post_tag","embeddable":true,"href":"https:\/\/www.flexitex.pt\/es\/wp-json\/wp\/v2\/tags?post=1373"}],"curies":[{"name":"wp","href":"https:\/\/api.w.org\/{rel}","templated":true}]}}