{"id":1365,"date":"2020-10-28T15:07:46","date_gmt":"2020-10-28T15:07:46","guid":{"rendered":"http:\/\/flexitex.dev.loba.pt\/?p=1365"},"modified":"2020-11-03T10:08:56","modified_gmt":"2020-11-03T10:08:56","slug":"flexitex-lance-flexiguard","status":"publish","type":"post","link":"https:\/\/www.flexitex.pt\/fr\/flexitex-lance-flexiguard\/","title":{"rendered":"Flexitex lance Flexiguard"},"content":{"rendered":"\n<p>Le monde reprend ses routines, dans un \u00abnouveau\u00bb normal. Mais le danger de pand\u00e9mie du virus Corona continue de restreindre les mouvements des gens. <\/p>\n\n\n\n<p>En ce sens, Covid-19 a suscit\u00e9 le besoin de nettoyer les surfaces, y compris le matelas.<\/p>\n\n\n\n<p>Dans ces locaux, l&rsquo;\u00e9quipe R&amp;D de Flexitex a d\u00e9velopp\u00e9 un nouveau produit, d\u00e9velopp\u00e9 \u00e0 partir de produits qui ont \u00e9t\u00e9 test\u00e9s et efficaces contre le virus Corona, les antiviraux, les antibact\u00e9riens, les antifongiques et les anti-acariens.<\/p>\n\n\n\n<p>Pour le confort et la s\u00e9curit\u00e9, <strong>Flexiguard <\/strong>est la maille qui garantit la protection recherch\u00e9e par le march\u00e9.<\/p>\n","protected":false},"excerpt":{"rendered":"<p>Le danger de pand\u00e9mie du virus Corona continue de restreindre les mouvements des gens. <\/p>\n","protected":false},"author":1,"featured_media":1407,"comment_status":"open","ping_status":"closed","sticky":false,"template":"","format":"standard","meta":{"_acf_changed":false,"footnotes":""},"categories":[3],"tags":[],"class_list":["post-1365","post","type-post","status-publish","format-standard","has-post-thumbnail","hentry","category-non-classifiee"],"acf":[],"yoast_head":"<!-- This site is optimized with the Yoast SEO plugin v26.3 - https:\/\/yoast.com\/wordpress\/plugins\/seo\/ -->\n<title>Flexitex lance Flexiguard - Flexitex<\/title>\n<meta name=\"robots\" content=\"index, follow, max-snippet:-1, max-image-preview:large, max-video-preview:-1\" \/>\n<link rel=\"canonical\" href=\"https:\/\/www.flexitex.pt\/fr\/flexitex-lance-flexiguard\/\" \/>\n<meta property=\"og:locale\" content=\"fr_FR\" \/>\n<meta property=\"og:type\" content=\"article\" \/>\n<meta property=\"og:title\" content=\"Flexitex lance Flexiguard - Flexitex\" \/>\n<meta property=\"og:description\" content=\"Le danger de pand\u00e9mie du virus Corona continue de restreindre les mouvements des gens.\" \/>\n<meta property=\"og:url\" content=\"https:\/\/www.flexitex.pt\/fr\/flexitex-lance-flexiguard\/\" \/>\n<meta property=\"og:site_name\" content=\"Flexitex\" \/>\n<meta property=\"article:published_time\" content=\"2020-10-28T15:07:46+00:00\" \/>\n<meta property=\"article:modified_time\" content=\"2020-11-03T10:08:56+00:00\" \/>\n<meta property=\"og:image\" content=\"https:\/\/www.flexitex.pt\/wp-content\/uploads\/2020\/08\/flexitex_coronavirus.png\" \/>\n\t<meta property=\"og:image:width\" content=\"1920\" \/>\n\t<meta property=\"og:image:height\" content=\"1080\" \/>\n\t<meta property=\"og:image:type\" content=\"image\/png\" \/>\n<meta name=\"author\" content=\"loba2020\" \/>\n<meta name=\"twitter:card\" content=\"summary_large_image\" \/>\n<meta name=\"twitter:label1\" content=\"\u00c9crit par\" \/>\n\t<meta name=\"twitter:data1\" content=\"loba2020\" \/>\n\t<meta name=\"twitter:label2\" content=\"Dur\u00e9e de lecture estim\u00e9e\" \/>\n\t<meta name=\"twitter:data2\" content=\"1 minute\" \/>\n<script type=\"application\/ld+json\" class=\"yoast-schema-graph\">{\"@context\":\"https:\/\/schema.org\",\"@graph\":[{\"@type\":\"Article\",\"@id\":\"https:\/\/www.flexitex.pt\/fr\/flexitex-lance-flexiguard\/#article\",\"isPartOf\":{\"@id\":\"https:\/\/www.flexitex.pt\/fr\/flexitex-lance-flexiguard\/\"},\"author\":{\"name\":\"loba2020\",\"@id\":\"https:\/\/www.flexitex.pt\/#\/schema\/person\/cdbf13b05e7799d51f1b43ee928cf0b1\"},\"headline\":\"Flexitex lance Flexiguard\",\"datePublished\":\"2020-10-28T15:07:46+00:00\",\"dateModified\":\"2020-11-03T10:08:56+00:00\",\"mainEntityOfPage\":{\"@id\":\"https:\/\/www.flexitex.pt\/fr\/flexitex-lance-flexiguard\/\"},\"wordCount\":106,\"commentCount\":0,\"publisher\":{\"@id\":\"https:\/\/www.flexitex.pt\/#organization\"},\"image\":{\"@id\":\"https:\/\/www.flexitex.pt\/fr\/flexitex-lance-flexiguard\/#primaryimage\"},\"thumbnailUrl\":\"https:\/\/www.flexitex.pt\/wp-content\/uploads\/2020\/08\/flexitex_coronavirus.png\",\"articleSection\":[\"Nouvelles\"],\"inLanguage\":\"fr-FR\",\"potentialAction\":[{\"@type\":\"CommentAction\",\"name\":\"Comment\",\"target\":[\"https:\/\/www.flexitex.pt\/fr\/flexitex-lance-flexiguard\/#respond\"]}]},{\"@type\":\"WebPage\",\"@id\":\"https:\/\/www.flexitex.pt\/fr\/flexitex-lance-flexiguard\/\",\"url\":\"https:\/\/www.flexitex.pt\/fr\/flexitex-lance-flexiguard\/\",\"name\":\"Flexitex lance Flexiguard - Flexitex\",\"isPartOf\":{\"@id\":\"https:\/\/www.flexitex.pt\/#website\"},\"primaryImageOfPage\":{\"@id\":\"https:\/\/www.flexitex.pt\/fr\/flexitex-lance-flexiguard\/#primaryimage\"},\"image\":{\"@id\":\"https:\/\/www.flexitex.pt\/fr\/flexitex-lance-flexiguard\/#primaryimage\"},\"thumbnailUrl\":\"https:\/\/www.flexitex.pt\/wp-content\/uploads\/2020\/08\/flexitex_coronavirus.png\",\"datePublished\":\"2020-10-28T15:07:46+00:00\",\"dateModified\":\"2020-11-03T10:08:56+00:00\",\"breadcrumb\":{\"@id\":\"https:\/\/www.flexitex.pt\/fr\/flexitex-lance-flexiguard\/#breadcrumb\"},\"inLanguage\":\"fr-FR\",\"potentialAction\":[{\"@type\":\"ReadAction\",\"target\":[\"https:\/\/www.flexitex.pt\/fr\/flexitex-lance-flexiguard\/\"]}]},{\"@type\":\"ImageObject\",\"inLanguage\":\"fr-FR\",\"@id\":\"https:\/\/www.flexitex.pt\/fr\/flexitex-lance-flexiguard\/#primaryimage\",\"url\":\"https:\/\/www.flexitex.pt\/wp-content\/uploads\/2020\/08\/flexitex_coronavirus.png\",\"contentUrl\":\"https:\/\/www.flexitex.pt\/wp-content\/uploads\/2020\/08\/flexitex_coronavirus.png\",\"width\":1920,\"height\":1080},{\"@type\":\"BreadcrumbList\",\"@id\":\"https:\/\/www.flexitex.pt\/fr\/flexitex-lance-flexiguard\/#breadcrumb\",\"itemListElement\":[{\"@type\":\"ListItem\",\"position\":1,\"name\":\"In\u00edcio\",\"item\":\"https:\/\/www.flexitex.pt\/fr\/\"},{\"@type\":\"ListItem\",\"position\":2,\"name\":\"Flexitex lance Flexiguard\"}]},{\"@type\":\"WebSite\",\"@id\":\"https:\/\/www.flexitex.pt\/#website\",\"url\":\"https:\/\/www.flexitex.pt\/\",\"name\":\"Flexitex\",\"description\":\"\\r\\nEntreprise sp\u00e9cialis\u00e9e dans les tricots et tissus pour matelas.\",\"publisher\":{\"@id\":\"https:\/\/www.flexitex.pt\/#organization\"},\"potentialAction\":[{\"@type\":\"SearchAction\",\"target\":{\"@type\":\"EntryPoint\",\"urlTemplate\":\"https:\/\/www.flexitex.pt\/?s={search_term_string}\"},\"query-input\":{\"@type\":\"PropertyValueSpecification\",\"valueRequired\":true,\"valueName\":\"search_term_string\"}}],\"inLanguage\":\"fr-FR\"},{\"@type\":\"Organization\",\"@id\":\"https:\/\/www.flexitex.pt\/#organization\",\"name\":\"Flexitex\",\"url\":\"https:\/\/www.flexitex.pt\/\",\"logo\":{\"@type\":\"ImageObject\",\"inLanguage\":\"fr-FR\",\"@id\":\"https:\/\/www.flexitex.pt\/#\/schema\/logo\/image\/\",\"url\":\"https:\/\/www.flexitex.pt\/wp-content\/uploads\/2020\/11\/fXL__VDI.png\",\"contentUrl\":\"https:\/\/www.flexitex.pt\/wp-content\/uploads\/2020\/11\/fXL__VDI.png\",\"width\":1200,\"height\":630,\"caption\":\"Flexitex\"},\"image\":{\"@id\":\"https:\/\/www.flexitex.pt\/#\/schema\/logo\/image\/\"}},{\"@type\":\"Person\",\"@id\":\"https:\/\/www.flexitex.pt\/#\/schema\/person\/cdbf13b05e7799d51f1b43ee928cf0b1\",\"name\":\"loba2020\",\"image\":{\"@type\":\"ImageObject\",\"inLanguage\":\"fr-FR\",\"@id\":\"https:\/\/www.flexitex.pt\/#\/schema\/person\/image\/\",\"url\":\"https:\/\/secure.gravatar.com\/avatar\/95b852e69ff281b1fd86cebf83646bd3dbfcb05bfc1cfbd552243c7dd15df9a9?s=96&d=mm&r=g\",\"contentUrl\":\"https:\/\/secure.gravatar.com\/avatar\/95b852e69ff281b1fd86cebf83646bd3dbfcb05bfc1cfbd552243c7dd15df9a9?s=96&d=mm&r=g\",\"caption\":\"loba2020\"},\"url\":\"https:\/\/www.flexitex.pt\/fr\/author\/loba2020\/\"}]}<\/script>\n<!-- \/ Yoast SEO plugin. -->","yoast_head_json":{"title":"Flexitex lance Flexiguard - Flexitex","robots":{"index":"index","follow":"follow","max-snippet":"max-snippet:-1","max-image-preview":"max-image-preview:large","max-video-preview":"max-video-preview:-1"},"canonical":"https:\/\/www.flexitex.pt\/fr\/flexitex-lance-flexiguard\/","og_locale":"fr_FR","og_type":"article","og_title":"Flexitex lance Flexiguard - Flexitex","og_description":"Le danger de pand\u00e9mie du virus Corona continue de restreindre les mouvements des gens.","og_url":"https:\/\/www.flexitex.pt\/fr\/flexitex-lance-flexiguard\/","og_site_name":"Flexitex","article_published_time":"2020-10-28T15:07:46+00:00","article_modified_time":"2020-11-03T10:08:56+00:00","og_image":[{"width":1920,"height":1080,"url":"https:\/\/www.flexitex.pt\/wp-content\/uploads\/2020\/08\/flexitex_coronavirus.png","type":"image\/png"}],"author":"loba2020","twitter_card":"summary_large_image","twitter_misc":{"\u00c9crit par":"loba2020","Dur\u00e9e de lecture estim\u00e9e":"1 minute"},"schema":{"@context":"https:\/\/schema.org","@graph":[{"@type":"Article","@id":"https:\/\/www.flexitex.pt\/fr\/flexitex-lance-flexiguard\/#article","isPartOf":{"@id":"https:\/\/www.flexitex.pt\/fr\/flexitex-lance-flexiguard\/"},"author":{"name":"loba2020","@id":"https:\/\/www.flexitex.pt\/#\/schema\/person\/cdbf13b05e7799d51f1b43ee928cf0b1"},"headline":"Flexitex lance Flexiguard","datePublished":"2020-10-28T15:07:46+00:00","dateModified":"2020-11-03T10:08:56+00:00","mainEntityOfPage":{"@id":"https:\/\/www.flexitex.pt\/fr\/flexitex-lance-flexiguard\/"},"wordCount":106,"commentCount":0,"publisher":{"@id":"https:\/\/www.flexitex.pt\/#organization"},"image":{"@id":"https:\/\/www.flexitex.pt\/fr\/flexitex-lance-flexiguard\/#primaryimage"},"thumbnailUrl":"https:\/\/www.flexitex.pt\/wp-content\/uploads\/2020\/08\/flexitex_coronavirus.png","articleSection":["Nouvelles"],"inLanguage":"fr-FR","potentialAction":[{"@type":"CommentAction","name":"Comment","target":["https:\/\/www.flexitex.pt\/fr\/flexitex-lance-flexiguard\/#respond"]}]},{"@type":"WebPage","@id":"https:\/\/www.flexitex.pt\/fr\/flexitex-lance-flexiguard\/","url":"https:\/\/www.flexitex.pt\/fr\/flexitex-lance-flexiguard\/","name":"Flexitex lance Flexiguard - Flexitex","isPartOf":{"@id":"https:\/\/www.flexitex.pt\/#website"},"primaryImageOfPage":{"@id":"https:\/\/www.flexitex.pt\/fr\/flexitex-lance-flexiguard\/#primaryimage"},"image":{"@id":"https:\/\/www.flexitex.pt\/fr\/flexitex-lance-flexiguard\/#primaryimage"},"thumbnailUrl":"https:\/\/www.flexitex.pt\/wp-content\/uploads\/2020\/08\/flexitex_coronavirus.png","datePublished":"2020-10-28T15:07:46+00:00","dateModified":"2020-11-03T10:08:56+00:00","breadcrumb":{"@id":"https:\/\/www.flexitex.pt\/fr\/flexitex-lance-flexiguard\/#breadcrumb"},"inLanguage":"fr-FR","potentialAction":[{"@type":"ReadAction","target":["https:\/\/www.flexitex.pt\/fr\/flexitex-lance-flexiguard\/"]}]},{"@type":"ImageObject","inLanguage":"fr-FR","@id":"https:\/\/www.flexitex.pt\/fr\/flexitex-lance-flexiguard\/#primaryimage","url":"https:\/\/www.flexitex.pt\/wp-content\/uploads\/2020\/08\/flexitex_coronavirus.png","contentUrl":"https:\/\/www.flexitex.pt\/wp-content\/uploads\/2020\/08\/flexitex_coronavirus.png","width":1920,"height":1080},{"@type":"BreadcrumbList","@id":"https:\/\/www.flexitex.pt\/fr\/flexitex-lance-flexiguard\/#breadcrumb","itemListElement":[{"@type":"ListItem","position":1,"name":"In\u00edcio","item":"https:\/\/www.flexitex.pt\/fr\/"},{"@type":"ListItem","position":2,"name":"Flexitex lance Flexiguard"}]},{"@type":"WebSite","@id":"https:\/\/www.flexitex.pt\/#website","url":"https:\/\/www.flexitex.pt\/","name":"Flexitex","description":"\r\nEntreprise sp\u00e9cialis\u00e9e dans les tricots et tissus pour matelas.","publisher":{"@id":"https:\/\/www.flexitex.pt\/#organization"},"potentialAction":[{"@type":"SearchAction","target":{"@type":"EntryPoint","urlTemplate":"https:\/\/www.flexitex.pt\/?s={search_term_string}"},"query-input":{"@type":"PropertyValueSpecification","valueRequired":true,"valueName":"search_term_string"}}],"inLanguage":"fr-FR"},{"@type":"Organization","@id":"https:\/\/www.flexitex.pt\/#organization","name":"Flexitex","url":"https:\/\/www.flexitex.pt\/","logo":{"@type":"ImageObject","inLanguage":"fr-FR","@id":"https:\/\/www.flexitex.pt\/#\/schema\/logo\/image\/","url":"https:\/\/www.flexitex.pt\/wp-content\/uploads\/2020\/11\/fXL__VDI.png","contentUrl":"https:\/\/www.flexitex.pt\/wp-content\/uploads\/2020\/11\/fXL__VDI.png","width":1200,"height":630,"caption":"Flexitex"},"image":{"@id":"https:\/\/www.flexitex.pt\/#\/schema\/logo\/image\/"}},{"@type":"Person","@id":"https:\/\/www.flexitex.pt\/#\/schema\/person\/cdbf13b05e7799d51f1b43ee928cf0b1","name":"loba2020","image":{"@type":"ImageObject","inLanguage":"fr-FR","@id":"https:\/\/www.flexitex.pt\/#\/schema\/person\/image\/","url":"https:\/\/secure.gravatar.com\/avatar\/95b852e69ff281b1fd86cebf83646bd3dbfcb05bfc1cfbd552243c7dd15df9a9?s=96&d=mm&r=g","contentUrl":"https:\/\/secure.gravatar.com\/avatar\/95b852e69ff281b1fd86cebf83646bd3dbfcb05bfc1cfbd552243c7dd15df9a9?s=96&d=mm&r=g","caption":"loba2020"},"url":"https:\/\/www.flexitex.pt\/fr\/author\/loba2020\/"}]}},"_links":{"self":[{"href":"https:\/\/www.flexitex.pt\/fr\/wp-json\/wp\/v2\/posts\/1365","targetHints":{"allow":["GET"]}}],"collection":[{"href":"https:\/\/www.flexitex.pt\/fr\/wp-json\/wp\/v2\/posts"}],"about":[{"href":"https:\/\/www.flexitex.pt\/fr\/wp-json\/wp\/v2\/types\/post"}],"author":[{"embeddable":true,"href":"https:\/\/www.flexitex.pt\/fr\/wp-json\/wp\/v2\/users\/1"}],"replies":[{"embeddable":true,"href":"https:\/\/www.flexitex.pt\/fr\/wp-json\/wp\/v2\/comments?post=1365"}],"version-history":[{"count":3,"href":"https:\/\/www.flexitex.pt\/fr\/wp-json\/wp\/v2\/posts\/1365\/revisions"}],"predecessor-version":[{"id":1814,"href":"https:\/\/www.flexitex.pt\/fr\/wp-json\/wp\/v2\/posts\/1365\/revisions\/1814"}],"wp:featuredmedia":[{"embeddable":true,"href":"https:\/\/www.flexitex.pt\/fr\/wp-json\/wp\/v2\/media\/1407"}],"wp:attachment":[{"href":"https:\/\/www.flexitex.pt\/fr\/wp-json\/wp\/v2\/media?parent=1365"}],"wp:term":[{"taxonomy":"category","embeddable":true,"href":"https:\/\/www.flexitex.pt\/fr\/wp-json\/wp\/v2\/categories?post=1365"},{"taxonomy":"post_tag","embeddable":true,"href":"https:\/\/www.flexitex.pt\/fr\/wp-json\/wp\/v2\/tags?post=1365"}],"curies":[{"name":"wp","href":"https:\/\/api.w.org\/{rel}","templated":true}]}}