{"id":1371,"date":"2020-10-28T15:10:13","date_gmt":"2020-10-28T15:10:13","guid":{"rendered":"http:\/\/flexitex.dev.loba.pt\/?p=1371"},"modified":"2020-11-03T10:06:33","modified_gmt":"2020-11-03T10:06:33","slug":"flexitex-communique-pour-le-21e-siecle","status":"publish","type":"post","link":"https:\/\/www.flexitex.pt\/fr\/flexitex-communique-pour-le-21e-siecle\/","title":{"rendered":"Flexitex communique pour le 21e si\u00e8cle"},"content":{"rendered":"\n<p>Le monde change chaque jour. Les relations entre entreprises, entre clients et fournisseurs, entre produits et consommateurs, sont assez diff\u00e9rentes de ce qu&rsquo;elles \u00e9taient il y a des ann\u00e9es. Dans tous les domaines d&rsquo;activit\u00e9!<\/p>\n\n\n\n<p>\u00abCela nous am\u00e8ne \u00e0 changer notre fa\u00e7on d&rsquo;\u00eatre sur le march\u00e9, en maintenant les valeurs du pass\u00e9 et en r\u00e9pondant aux d\u00e9fis de l&rsquo;avenir\u00bb, d\u00e9clare Domingos Leite de Castro, directeur g\u00e9n\u00e9ral de l&rsquo;entreprise.<br>Flexitex se sp\u00e9cialise dans la production de tricots et de tissus; c&rsquo;est ainsi que le march\u00e9 le voit.<\/p>\n\n\n\n<p>\u00abDe plus, nous devrons \u00eatre le partenaire en qui notre client a confiance pour embrasser de nouveaux projets, de nouveaux produits \u00e0 valeur ajout\u00e9e\u00bb, r\u00e9it\u00e8re l&rsquo;homme qui g\u00e8re les destinations de l&rsquo;entreprise.<\/p>\n\n\n\n<p>Par cons\u00e9quent, en plus de l&rsquo;engagement continu que Flexitex a pris dans la production de produits diff\u00e9renciants, il communiquera d&rsquo;une mani\u00e8re diff\u00e9rente: un nouveau site Web institutionnel et des r\u00e9seaux sociaux qui permettent de montrer ce qui est bien et bien fait dans l&rsquo;entreprise.<\/p>\n","protected":false},"excerpt":{"rendered":"<p>Les relations entre entreprises, entre clients et fournisseurs, entre produits et consommateurs ont chang\u00e9.<\/p>\n","protected":false},"author":1,"featured_media":1805,"comment_status":"open","ping_status":"closed","sticky":false,"template":"","format":"standard","meta":{"_acf_changed":false,"footnotes":""},"categories":[3],"tags":[],"class_list":["post-1371","post","type-post","status-publish","format-standard","has-post-thumbnail","hentry","category-non-classifiee"],"acf":[],"yoast_head":"<!-- This site is optimized with the Yoast SEO plugin v26.3 - https:\/\/yoast.com\/wordpress\/plugins\/seo\/ -->\n<title>Flexitex communique pour le 21e si\u00e8cle - Flexitex<\/title>\n<meta name=\"robots\" content=\"index, follow, max-snippet:-1, max-image-preview:large, max-video-preview:-1\" \/>\n<link rel=\"canonical\" href=\"https:\/\/www.flexitex.pt\/fr\/flexitex-communique-pour-le-21e-siecle\/\" \/>\n<meta property=\"og:locale\" content=\"fr_FR\" \/>\n<meta property=\"og:type\" content=\"article\" \/>\n<meta property=\"og:title\" content=\"Flexitex communique pour le 21e si\u00e8cle - Flexitex\" \/>\n<meta property=\"og:description\" content=\"Les relations entre entreprises, entre clients et fournisseurs, entre produits et consommateurs ont chang\u00e9.\" \/>\n<meta property=\"og:url\" content=\"https:\/\/www.flexitex.pt\/fr\/flexitex-communique-pour-le-21e-siecle\/\" \/>\n<meta property=\"og:site_name\" content=\"Flexitex\" \/>\n<meta property=\"article:published_time\" content=\"2020-10-28T15:10:13+00:00\" \/>\n<meta property=\"article:modified_time\" content=\"2020-11-03T10:06:33+00:00\" \/>\n<meta property=\"og:image\" content=\"https:\/\/www.flexitex.pt\/wp-content\/uploads\/2020\/10\/flexitex_475X268_NO_20201103.jpg\" \/>\n\t<meta property=\"og:image:width\" content=\"475\" \/>\n\t<meta property=\"og:image:height\" content=\"268\" \/>\n\t<meta property=\"og:image:type\" content=\"image\/jpeg\" \/>\n<meta name=\"author\" content=\"loba2020\" \/>\n<meta name=\"twitter:card\" content=\"summary_large_image\" \/>\n<meta name=\"twitter:label1\" content=\"\u00c9crit par\" \/>\n\t<meta name=\"twitter:data1\" content=\"loba2020\" \/>\n\t<meta name=\"twitter:label2\" content=\"Dur\u00e9e de lecture estim\u00e9e\" \/>\n\t<meta name=\"twitter:data2\" content=\"1 minute\" \/>\n<script type=\"application\/ld+json\" class=\"yoast-schema-graph\">{\"@context\":\"https:\/\/schema.org\",\"@graph\":[{\"@type\":\"Article\",\"@id\":\"https:\/\/www.flexitex.pt\/fr\/flexitex-communique-pour-le-21e-siecle\/#article\",\"isPartOf\":{\"@id\":\"https:\/\/www.flexitex.pt\/fr\/flexitex-communique-pour-le-21e-siecle\/\"},\"author\":{\"name\":\"loba2020\",\"@id\":\"https:\/\/www.flexitex.pt\/#\/schema\/person\/cdbf13b05e7799d51f1b43ee928cf0b1\"},\"headline\":\"Flexitex communique pour le 21e si\u00e8cle\",\"datePublished\":\"2020-10-28T15:10:13+00:00\",\"dateModified\":\"2020-11-03T10:06:33+00:00\",\"mainEntityOfPage\":{\"@id\":\"https:\/\/www.flexitex.pt\/fr\/flexitex-communique-pour-le-21e-siecle\/\"},\"wordCount\":186,\"commentCount\":0,\"publisher\":{\"@id\":\"https:\/\/www.flexitex.pt\/#organization\"},\"image\":{\"@id\":\"https:\/\/www.flexitex.pt\/fr\/flexitex-communique-pour-le-21e-siecle\/#primaryimage\"},\"thumbnailUrl\":\"https:\/\/www.flexitex.pt\/wp-content\/uploads\/2020\/10\/flexitex_475X268_NO_20201103.jpg\",\"articleSection\":[\"Nouvelles\"],\"inLanguage\":\"fr-FR\",\"potentialAction\":[{\"@type\":\"CommentAction\",\"name\":\"Comment\",\"target\":[\"https:\/\/www.flexitex.pt\/fr\/flexitex-communique-pour-le-21e-siecle\/#respond\"]}]},{\"@type\":\"WebPage\",\"@id\":\"https:\/\/www.flexitex.pt\/fr\/flexitex-communique-pour-le-21e-siecle\/\",\"url\":\"https:\/\/www.flexitex.pt\/fr\/flexitex-communique-pour-le-21e-siecle\/\",\"name\":\"Flexitex communique pour le 21e si\u00e8cle - Flexitex\",\"isPartOf\":{\"@id\":\"https:\/\/www.flexitex.pt\/#website\"},\"primaryImageOfPage\":{\"@id\":\"https:\/\/www.flexitex.pt\/fr\/flexitex-communique-pour-le-21e-siecle\/#primaryimage\"},\"image\":{\"@id\":\"https:\/\/www.flexitex.pt\/fr\/flexitex-communique-pour-le-21e-siecle\/#primaryimage\"},\"thumbnailUrl\":\"https:\/\/www.flexitex.pt\/wp-content\/uploads\/2020\/10\/flexitex_475X268_NO_20201103.jpg\",\"datePublished\":\"2020-10-28T15:10:13+00:00\",\"dateModified\":\"2020-11-03T10:06:33+00:00\",\"breadcrumb\":{\"@id\":\"https:\/\/www.flexitex.pt\/fr\/flexitex-communique-pour-le-21e-siecle\/#breadcrumb\"},\"inLanguage\":\"fr-FR\",\"potentialAction\":[{\"@type\":\"ReadAction\",\"target\":[\"https:\/\/www.flexitex.pt\/fr\/flexitex-communique-pour-le-21e-siecle\/\"]}]},{\"@type\":\"ImageObject\",\"inLanguage\":\"fr-FR\",\"@id\":\"https:\/\/www.flexitex.pt\/fr\/flexitex-communique-pour-le-21e-siecle\/#primaryimage\",\"url\":\"https:\/\/www.flexitex.pt\/wp-content\/uploads\/2020\/10\/flexitex_475X268_NO_20201103.jpg\",\"contentUrl\":\"https:\/\/www.flexitex.pt\/wp-content\/uploads\/2020\/10\/flexitex_475X268_NO_20201103.jpg\",\"width\":475,\"height\":268},{\"@type\":\"BreadcrumbList\",\"@id\":\"https:\/\/www.flexitex.pt\/fr\/flexitex-communique-pour-le-21e-siecle\/#breadcrumb\",\"itemListElement\":[{\"@type\":\"ListItem\",\"position\":1,\"name\":\"In\u00edcio\",\"item\":\"https:\/\/www.flexitex.pt\/fr\/\"},{\"@type\":\"ListItem\",\"position\":2,\"name\":\"Flexitex communique pour le 21e si\u00e8cle\"}]},{\"@type\":\"WebSite\",\"@id\":\"https:\/\/www.flexitex.pt\/#website\",\"url\":\"https:\/\/www.flexitex.pt\/\",\"name\":\"Flexitex\",\"description\":\"\\r\\nEntreprise sp\u00e9cialis\u00e9e dans les tricots et tissus pour matelas.\",\"publisher\":{\"@id\":\"https:\/\/www.flexitex.pt\/#organization\"},\"potentialAction\":[{\"@type\":\"SearchAction\",\"target\":{\"@type\":\"EntryPoint\",\"urlTemplate\":\"https:\/\/www.flexitex.pt\/?s={search_term_string}\"},\"query-input\":{\"@type\":\"PropertyValueSpecification\",\"valueRequired\":true,\"valueName\":\"search_term_string\"}}],\"inLanguage\":\"fr-FR\"},{\"@type\":\"Organization\",\"@id\":\"https:\/\/www.flexitex.pt\/#organization\",\"name\":\"Flexitex\",\"url\":\"https:\/\/www.flexitex.pt\/\",\"logo\":{\"@type\":\"ImageObject\",\"inLanguage\":\"fr-FR\",\"@id\":\"https:\/\/www.flexitex.pt\/#\/schema\/logo\/image\/\",\"url\":\"https:\/\/www.flexitex.pt\/wp-content\/uploads\/2020\/11\/fXL__VDI.png\",\"contentUrl\":\"https:\/\/www.flexitex.pt\/wp-content\/uploads\/2020\/11\/fXL__VDI.png\",\"width\":1200,\"height\":630,\"caption\":\"Flexitex\"},\"image\":{\"@id\":\"https:\/\/www.flexitex.pt\/#\/schema\/logo\/image\/\"}},{\"@type\":\"Person\",\"@id\":\"https:\/\/www.flexitex.pt\/#\/schema\/person\/cdbf13b05e7799d51f1b43ee928cf0b1\",\"name\":\"loba2020\",\"image\":{\"@type\":\"ImageObject\",\"inLanguage\":\"fr-FR\",\"@id\":\"https:\/\/www.flexitex.pt\/#\/schema\/person\/image\/\",\"url\":\"https:\/\/secure.gravatar.com\/avatar\/95b852e69ff281b1fd86cebf83646bd3dbfcb05bfc1cfbd552243c7dd15df9a9?s=96&d=mm&r=g\",\"contentUrl\":\"https:\/\/secure.gravatar.com\/avatar\/95b852e69ff281b1fd86cebf83646bd3dbfcb05bfc1cfbd552243c7dd15df9a9?s=96&d=mm&r=g\",\"caption\":\"loba2020\"},\"url\":\"https:\/\/www.flexitex.pt\/fr\/author\/loba2020\/\"}]}<\/script>\n<!-- \/ Yoast SEO plugin. -->","yoast_head_json":{"title":"Flexitex communique pour le 21e si\u00e8cle - Flexitex","robots":{"index":"index","follow":"follow","max-snippet":"max-snippet:-1","max-image-preview":"max-image-preview:large","max-video-preview":"max-video-preview:-1"},"canonical":"https:\/\/www.flexitex.pt\/fr\/flexitex-communique-pour-le-21e-siecle\/","og_locale":"fr_FR","og_type":"article","og_title":"Flexitex communique pour le 21e si\u00e8cle - Flexitex","og_description":"Les relations entre entreprises, entre clients et fournisseurs, entre produits et consommateurs ont chang\u00e9.","og_url":"https:\/\/www.flexitex.pt\/fr\/flexitex-communique-pour-le-21e-siecle\/","og_site_name":"Flexitex","article_published_time":"2020-10-28T15:10:13+00:00","article_modified_time":"2020-11-03T10:06:33+00:00","og_image":[{"width":475,"height":268,"url":"https:\/\/www.flexitex.pt\/wp-content\/uploads\/2020\/10\/flexitex_475X268_NO_20201103.jpg","type":"image\/jpeg"}],"author":"loba2020","twitter_card":"summary_large_image","twitter_misc":{"\u00c9crit par":"loba2020","Dur\u00e9e de lecture estim\u00e9e":"1 minute"},"schema":{"@context":"https:\/\/schema.org","@graph":[{"@type":"Article","@id":"https:\/\/www.flexitex.pt\/fr\/flexitex-communique-pour-le-21e-siecle\/#article","isPartOf":{"@id":"https:\/\/www.flexitex.pt\/fr\/flexitex-communique-pour-le-21e-siecle\/"},"author":{"name":"loba2020","@id":"https:\/\/www.flexitex.pt\/#\/schema\/person\/cdbf13b05e7799d51f1b43ee928cf0b1"},"headline":"Flexitex communique pour le 21e si\u00e8cle","datePublished":"2020-10-28T15:10:13+00:00","dateModified":"2020-11-03T10:06:33+00:00","mainEntityOfPage":{"@id":"https:\/\/www.flexitex.pt\/fr\/flexitex-communique-pour-le-21e-siecle\/"},"wordCount":186,"commentCount":0,"publisher":{"@id":"https:\/\/www.flexitex.pt\/#organization"},"image":{"@id":"https:\/\/www.flexitex.pt\/fr\/flexitex-communique-pour-le-21e-siecle\/#primaryimage"},"thumbnailUrl":"https:\/\/www.flexitex.pt\/wp-content\/uploads\/2020\/10\/flexitex_475X268_NO_20201103.jpg","articleSection":["Nouvelles"],"inLanguage":"fr-FR","potentialAction":[{"@type":"CommentAction","name":"Comment","target":["https:\/\/www.flexitex.pt\/fr\/flexitex-communique-pour-le-21e-siecle\/#respond"]}]},{"@type":"WebPage","@id":"https:\/\/www.flexitex.pt\/fr\/flexitex-communique-pour-le-21e-siecle\/","url":"https:\/\/www.flexitex.pt\/fr\/flexitex-communique-pour-le-21e-siecle\/","name":"Flexitex communique pour le 21e si\u00e8cle - Flexitex","isPartOf":{"@id":"https:\/\/www.flexitex.pt\/#website"},"primaryImageOfPage":{"@id":"https:\/\/www.flexitex.pt\/fr\/flexitex-communique-pour-le-21e-siecle\/#primaryimage"},"image":{"@id":"https:\/\/www.flexitex.pt\/fr\/flexitex-communique-pour-le-21e-siecle\/#primaryimage"},"thumbnailUrl":"https:\/\/www.flexitex.pt\/wp-content\/uploads\/2020\/10\/flexitex_475X268_NO_20201103.jpg","datePublished":"2020-10-28T15:10:13+00:00","dateModified":"2020-11-03T10:06:33+00:00","breadcrumb":{"@id":"https:\/\/www.flexitex.pt\/fr\/flexitex-communique-pour-le-21e-siecle\/#breadcrumb"},"inLanguage":"fr-FR","potentialAction":[{"@type":"ReadAction","target":["https:\/\/www.flexitex.pt\/fr\/flexitex-communique-pour-le-21e-siecle\/"]}]},{"@type":"ImageObject","inLanguage":"fr-FR","@id":"https:\/\/www.flexitex.pt\/fr\/flexitex-communique-pour-le-21e-siecle\/#primaryimage","url":"https:\/\/www.flexitex.pt\/wp-content\/uploads\/2020\/10\/flexitex_475X268_NO_20201103.jpg","contentUrl":"https:\/\/www.flexitex.pt\/wp-content\/uploads\/2020\/10\/flexitex_475X268_NO_20201103.jpg","width":475,"height":268},{"@type":"BreadcrumbList","@id":"https:\/\/www.flexitex.pt\/fr\/flexitex-communique-pour-le-21e-siecle\/#breadcrumb","itemListElement":[{"@type":"ListItem","position":1,"name":"In\u00edcio","item":"https:\/\/www.flexitex.pt\/fr\/"},{"@type":"ListItem","position":2,"name":"Flexitex communique pour le 21e si\u00e8cle"}]},{"@type":"WebSite","@id":"https:\/\/www.flexitex.pt\/#website","url":"https:\/\/www.flexitex.pt\/","name":"Flexitex","description":"\r\nEntreprise sp\u00e9cialis\u00e9e dans les tricots et tissus pour matelas.","publisher":{"@id":"https:\/\/www.flexitex.pt\/#organization"},"potentialAction":[{"@type":"SearchAction","target":{"@type":"EntryPoint","urlTemplate":"https:\/\/www.flexitex.pt\/?s={search_term_string}"},"query-input":{"@type":"PropertyValueSpecification","valueRequired":true,"valueName":"search_term_string"}}],"inLanguage":"fr-FR"},{"@type":"Organization","@id":"https:\/\/www.flexitex.pt\/#organization","name":"Flexitex","url":"https:\/\/www.flexitex.pt\/","logo":{"@type":"ImageObject","inLanguage":"fr-FR","@id":"https:\/\/www.flexitex.pt\/#\/schema\/logo\/image\/","url":"https:\/\/www.flexitex.pt\/wp-content\/uploads\/2020\/11\/fXL__VDI.png","contentUrl":"https:\/\/www.flexitex.pt\/wp-content\/uploads\/2020\/11\/fXL__VDI.png","width":1200,"height":630,"caption":"Flexitex"},"image":{"@id":"https:\/\/www.flexitex.pt\/#\/schema\/logo\/image\/"}},{"@type":"Person","@id":"https:\/\/www.flexitex.pt\/#\/schema\/person\/cdbf13b05e7799d51f1b43ee928cf0b1","name":"loba2020","image":{"@type":"ImageObject","inLanguage":"fr-FR","@id":"https:\/\/www.flexitex.pt\/#\/schema\/person\/image\/","url":"https:\/\/secure.gravatar.com\/avatar\/95b852e69ff281b1fd86cebf83646bd3dbfcb05bfc1cfbd552243c7dd15df9a9?s=96&d=mm&r=g","contentUrl":"https:\/\/secure.gravatar.com\/avatar\/95b852e69ff281b1fd86cebf83646bd3dbfcb05bfc1cfbd552243c7dd15df9a9?s=96&d=mm&r=g","caption":"loba2020"},"url":"https:\/\/www.flexitex.pt\/fr\/author\/loba2020\/"}]}},"_links":{"self":[{"href":"https:\/\/www.flexitex.pt\/fr\/wp-json\/wp\/v2\/posts\/1371","targetHints":{"allow":["GET"]}}],"collection":[{"href":"https:\/\/www.flexitex.pt\/fr\/wp-json\/wp\/v2\/posts"}],"about":[{"href":"https:\/\/www.flexitex.pt\/fr\/wp-json\/wp\/v2\/types\/post"}],"author":[{"embeddable":true,"href":"https:\/\/www.flexitex.pt\/fr\/wp-json\/wp\/v2\/users\/1"}],"replies":[{"embeddable":true,"href":"https:\/\/www.flexitex.pt\/fr\/wp-json\/wp\/v2\/comments?post=1371"}],"version-history":[{"count":5,"href":"https:\/\/www.flexitex.pt\/fr\/wp-json\/wp\/v2\/posts\/1371\/revisions"}],"predecessor-version":[{"id":1810,"href":"https:\/\/www.flexitex.pt\/fr\/wp-json\/wp\/v2\/posts\/1371\/revisions\/1810"}],"wp:featuredmedia":[{"embeddable":true,"href":"https:\/\/www.flexitex.pt\/fr\/wp-json\/wp\/v2\/media\/1805"}],"wp:attachment":[{"href":"https:\/\/www.flexitex.pt\/fr\/wp-json\/wp\/v2\/media?parent=1371"}],"wp:term":[{"taxonomy":"category","embeddable":true,"href":"https:\/\/www.flexitex.pt\/fr\/wp-json\/wp\/v2\/categories?post=1371"},{"taxonomy":"post_tag","embeddable":true,"href":"https:\/\/www.flexitex.pt\/fr\/wp-json\/wp\/v2\/tags?post=1371"}],"curies":[{"name":"wp","href":"https:\/\/api.w.org\/{rel}","templated":true}]}}